{"id":3609,"date":"2026-01-27T16:21:04","date_gmt":"2026-01-27T15:21:04","guid":{"rendered":"https:\/\/www.byenhof.nl\/neue-tuer-in-wachtendonk\/"},"modified":"2026-02-27T14:39:42","modified_gmt":"2026-02-27T13:39:42","slug":"neue-tuer-in-wachtendonk","status":"publish","type":"post","link":"https:\/\/www.byenhof.nl\/de\/neue-tuer-in-wachtendonk\/","title":{"rendered":"Neue T\u00fcr in Wachtendonk"},"content":{"rendered":"\t\t<div data-elementor-type=\"wp-post\" data-elementor-id=\"3609\" class=\"elementor elementor-3609 elementor-3505\" data-elementor-post-type=\"post\">\n\t\t\t\t<div class=\"elementor-element elementor-element-adfd5f6   e-flex e-con-boxed e-con e-parent\" data-id=\"adfd5f6\" data-element_type=\"container\" data-e-type=\"container\" data-settings=\"{&quot;background_background&quot;:&quot;classic&quot;}\">\n\t\t\t\t\t<div class=\"e-con-inner\">\n\t\t<div class=\"elementor-element elementor-element-64efa03 e-con-full e-flex e-con e-child\" data-id=\"64efa03\" data-element_type=\"container\" data-e-type=\"container\">\n\t\t<div class=\"elementor-element elementor-element-4f014a5 e-con-full e-flex e-con e-child\" data-id=\"4f014a5\" data-element_type=\"container\" data-e-type=\"container\" data-settings=\"{&quot;background_background&quot;:&quot;classic&quot;}\">\n\t\t<div class=\"elementor-element elementor-element-e8eaa1f e-con-full e-flex e-con e-child\" data-id=\"e8eaa1f\" data-element_type=\"container\" data-e-type=\"container\">\n\t\t\t\t<div class=\"elementor-element elementor-element-776d9e1 elementor-widget elementor-widget-heading\" data-id=\"776d9e1\" data-element_type=\"widget\" data-e-type=\"widget\" data-widget_type=\"heading.default\">\n\t\t\t\t\t<h1 class=\"elementor-heading-title elementor-size-default\">Neue T\u00fcr in Wachtendonk<\/h1>\t\t\t\t<\/div>\n\t\t\t\t<div class=\"elementor-element elementor-element-a19a03b elementor-widget elementor-widget-text-editor\" data-id=\"a19a03b\" data-element_type=\"widget\" data-e-type=\"widget\" data-widget_type=\"text-editor.default\">\n\t\t\t\t\t\t\t\t\t<div class=\"xdj266r x14z9mp xat24cr x1lziwak x1vvkbs x126k92a\"><div dir=\"auto\">Vor einiger Zeit haben wir diese T\u00fcr in Wachtendonk montiert.<\/div><div dir=\"auto\"> <\/div><\/div><div class=\"x14z9mp xat24cr x1lziwak x1vvkbs xtlvy1s x126k92a\"><div dir=\"auto\">Bei dieser T\u00fcr haben wir aufgrund der H\u00f6he der Halle ein vertikales Schienensystem montiert.<\/div><div dir=\"auto\"> <\/div><\/div><div class=\"x14z9mp xat24cr x1lziwak x1vvkbs xtlvy1s x126k92a\"><div dir=\"auto\">Vorteil? Durch den vertikalen Verlauf der T\u00fcr bleibt mehr Raum f\u00fcr hohe Fahrzeuge und Gabelstapler erhalten. Auch sind keine schr\u00e4gen Schienen erforderlich, wodurch mehr Platz f\u00fcr Beleuchtung und Kr\u00e4ne vorhanden ist.<\/div><\/div>\t\t\t\t\t\t\t\t<\/div>\n\t\t\t\t<\/div>\n\t\t<div class=\"elementor-element elementor-element-ddf29f9 e-con-full e-flex e-con e-child\" data-id=\"ddf29f9\" data-element_type=\"container\" data-e-type=\"container\">\n\t\t\t\t<div class=\"elementor-element elementor-element-3d9e8da elementor-widget elementor-widget-image\" data-id=\"3d9e8da\" data-element_type=\"widget\" data-e-type=\"widget\" data-widget_type=\"image.default\">\n\t\t\t\t\t\t\t\t\t\t\t\t\t\t\t<img fetchpriority=\"high\" decoding=\"async\" width=\"1530\" height=\"2040\" src=\"https:\/\/www.byenhof.nl\/wp-content\/uploads\/2026\/01\/599065886_1163184525798195_3705612731700912782_n.jpg\" class=\"attachment-large size-large wp-image-3612\" alt=\"\" srcset=\"https:\/\/www.byenhof.nl\/wp-content\/uploads\/2026\/01\/599065886_1163184525798195_3705612731700912782_n.jpg 1530w, https:\/\/www.byenhof.nl\/wp-content\/uploads\/2026\/01\/599065886_1163184525798195_3705612731700912782_n-768x1024.jpg 768w, https:\/\/www.byenhof.nl\/wp-content\/uploads\/2026\/01\/599065886_1163184525798195_3705612731700912782_n-1152x1536.jpg 1152w\" sizes=\"(max-width: 1530px) 100vw, 1530px\" \/>\t\t\t\t\t\t\t\t\t\t\t\t\t\t\t<\/div>\n\t\t\t\t<\/div>\n\t\t\t\t<\/div>\n\t\t\t\t<\/div>\n\t\t\t\t\t<\/div>\n\t\t\t\t<\/div>\n\t\t<div class=\"elementor-element elementor-element-7368888 e-flex e-con-boxed e-con e-parent\" data-id=\"7368888\" data-element_type=\"container\" data-e-type=\"container\">\n\t\t\t\t\t<div class=\"e-con-inner\">\n\t\t\t\t<div class=\"elementor-element elementor-element-1ab7b2d elementor-align-center elementor-icon-list--layout-traditional elementor-list-item-link-full_width elementor-widget elementor-widget-icon-list\" data-id=\"1ab7b2d\" data-element_type=\"widget\" data-e-type=\"widget\" data-widget_type=\"icon-list.default\">\n\t\t\t\t\t\t\t<ul class=\"elementor-icon-list-items\">\n\t\t\t\t\t\t\t<li class=\"elementor-icon-list-item\">\n\t\t\t\t\t\t\t\t\t\t\t<a href=\"#ontdek\">\n\n\t\t\t\t\t\t\t\t\t\t\t\t<span class=\"elementor-icon-list-icon\">\n\t\t\t\t\t\t\t<svg aria-hidden=\"true\" class=\"e-font-icon-svg e-fas-chevron-circle-down\" viewBox=\"0 0 512 512\" xmlns=\"http:\/\/www.w3.org\/2000\/svg\"><path d=\"M504 256c0 137-111 248-248 248S8 393 8 256 119 8 256 8s248 111 248 248zM273 369.9l135.5-135.5c9.4-9.4 9.4-24.6 0-33.9l-17-17c-9.4-9.4-24.6-9.4-33.9 0L256 285.1 154.4 183.5c-9.4-9.4-24.6-9.4-33.9 0l-17 17c-9.4 9.4-9.4 24.6 0 33.9L239 369.9c9.4 9.4 24.6 9.4 34 0z\"><\/path><\/svg>\t\t\t\t\t\t<\/span>\n\t\t\t\t\t\t\t\t\t\t<span class=\"elementor-icon-list-text\">Mehr entdecken<\/span>\n\t\t\t\t\t\t\t\t\t\t\t<\/a>\n\t\t\t\t\t\t\t\t\t<\/li>\n\t\t\t\t\t\t<\/ul>\n\t\t\t\t\t\t<\/div>\n\t\t\t\t\t<\/div>\n\t\t\t\t<\/div>\n\t\t<div class=\"elementor-element elementor-element-4cfad64 e-flex e-con-boxed e-con e-parent\" data-id=\"4cfad64\" data-element_type=\"container\" data-e-type=\"container\">\n\t\t\t\t\t<div class=\"e-con-inner\">\n\t\t<div class=\"elementor-element elementor-element-4db6c89 e-con-full e-flex e-con e-child\" data-id=\"4db6c89\" data-element_type=\"container\" data-e-type=\"container\">\n\t\t\t\t<div class=\"elementor-element elementor-element-3ee539a elementor-widget elementor-widget-image\" data-id=\"3ee539a\" data-element_type=\"widget\" data-e-type=\"widget\" data-widget_type=\"image.default\">\n\t\t\t\t\t\t\t\t\t\t\t\t\t\t\t<img decoding=\"async\" width=\"1530\" height=\"2040\" src=\"https:\/\/www.byenhof.nl\/wp-content\/uploads\/2026\/01\/599213924_1163184549131526_1647162122588976739_n.jpg\" class=\"attachment-large size-large wp-image-3613\" alt=\"\" srcset=\"https:\/\/www.byenhof.nl\/wp-content\/uploads\/2026\/01\/599213924_1163184549131526_1647162122588976739_n.jpg 1530w, https:\/\/www.byenhof.nl\/wp-content\/uploads\/2026\/01\/599213924_1163184549131526_1647162122588976739_n-768x1024.jpg 768w, https:\/\/www.byenhof.nl\/wp-content\/uploads\/2026\/01\/599213924_1163184549131526_1647162122588976739_n-1152x1536.jpg 1152w\" sizes=\"(max-width: 1530px) 100vw, 1530px\" \/>\t\t\t\t\t\t\t\t\t\t\t\t\t\t\t<\/div>\n\t\t\t\t<\/div>\n\t\t<div class=\"elementor-element elementor-element-1b4e353 e-con-full e-flex e-con e-child\" data-id=\"1b4e353\" data-element_type=\"container\" data-e-type=\"container\">\n\t\t\t\t<div class=\"elementor-element elementor-element-a3da3d1 elementor-widget elementor-widget-image\" data-id=\"a3da3d1\" data-element_type=\"widget\" data-e-type=\"widget\" data-widget_type=\"image.default\">\n\t\t\t\t\t\t\t\t\t\t\t\t\t\t\t<img decoding=\"async\" width=\"1530\" height=\"2040\" src=\"https:\/\/www.byenhof.nl\/wp-content\/uploads\/2026\/01\/599509615_1163184519131529_4482082904766701355_n.jpg\" class=\"attachment-large size-large wp-image-3610\" alt=\"\" srcset=\"https:\/\/www.byenhof.nl\/wp-content\/uploads\/2026\/01\/599509615_1163184519131529_4482082904766701355_n.jpg 1530w, https:\/\/www.byenhof.nl\/wp-content\/uploads\/2026\/01\/599509615_1163184519131529_4482082904766701355_n-768x1024.jpg 768w, https:\/\/www.byenhof.nl\/wp-content\/uploads\/2026\/01\/599509615_1163184519131529_4482082904766701355_n-1152x1536.jpg 1152w\" sizes=\"(max-width: 1530px) 100vw, 1530px\" \/>\t\t\t\t\t\t\t\t\t\t\t\t\t\t\t<\/div>\n\t\t\t\t<\/div>\n\t\t\t\t\t<\/div>\n\t\t\t\t<\/div>\n\t\t\t\t<\/div>\n\t\t","protected":false},"excerpt":{"rendered":"<p>Neue T\u00fcr in Wachtendonk Vor einiger Zeit haben wir diese T\u00fcr in Wachtendonk montiert. Bei dieser T\u00fcr haben wir aufgrund der H\u00f6he der Halle ein vertikales Schienensystem montiert. Vorteil? Durch den vertikalen Verlauf der T\u00fcr bleibt mehr Raum f\u00fcr hohe Fahrzeuge und Gabelstapler erhalten. Auch sind keine schr\u00e4gen Schienen erforderlich, wodurch mehr Platz f\u00fcr Beleuchtung [&hellip;]<\/p>\n","protected":false},"author":3,"featured_media":3612,"comment_status":"closed","ping_status":"closed","sticky":false,"template":"elementor_header_footer","format":"standard","meta":{"footnotes":""},"categories":[4],"tags":[],"class_list":["post-3609","post","type-post","status-publish","format-standard","has-post-thumbnail","hentry","category-unkategorisiert"],"yoast_head":"<!-- This site is optimized with the Yoast SEO plugin v27.1.1 - https:\/\/yoast.com\/product\/yoast-seo-wordpress\/ -->\n<title>Neue T\u00fcr in Wachtendonk - Byenhof Bedrijfsdeuren<\/title>\n<meta name=\"robots\" content=\"index, follow, max-snippet:-1, max-image-preview:large, max-video-preview:-1\" \/>\n<link rel=\"canonical\" href=\"https:\/\/www.byenhof.nl\/nieuwe-deur-in-wachtendonck\/\" \/>\n<meta property=\"og:locale\" content=\"de_DE\" \/>\n<meta property=\"og:type\" content=\"article\" \/>\n<meta property=\"og:title\" content=\"Neue T\u00fcr in Wachtendonk - Byenhof Bedrijfsdeuren\" \/>\n<meta property=\"og:description\" content=\"Neue T\u00fcr in Wachtendonk Vor einiger Zeit haben wir diese T\u00fcr in Wachtendonk montiert. Bei dieser T\u00fcr haben wir aufgrund der H\u00f6he der Halle ein vertikales Schienensystem montiert. Vorteil? Durch den vertikalen Verlauf der T\u00fcr bleibt mehr Raum f\u00fcr hohe Fahrzeuge und Gabelstapler erhalten. Auch sind keine schr\u00e4gen Schienen erforderlich, wodurch mehr Platz f\u00fcr Beleuchtung [&hellip;]\" \/>\n<meta property=\"og:url\" content=\"https:\/\/www.byenhof.nl\/nieuwe-deur-in-wachtendonck\/\" \/>\n<meta property=\"og:site_name\" content=\"Byenhof Bedrijfsdeuren\" \/>\n<meta property=\"article:publisher\" content=\"https:\/\/www.facebook.com\/Byenhof-AK-Techniek-BV-219453718085032\" \/>\n<meta property=\"article:published_time\" content=\"2026-01-27T15:21:04+00:00\" \/>\n<meta property=\"article:modified_time\" content=\"2026-02-27T13:39:42+00:00\" \/>\n<meta property=\"og:image\" content=\"https:\/\/www.byenhof.nl\/wp-content\/uploads\/2026\/01\/599065886_1163184525798195_3705612731700912782_n.jpg\" \/>\n\t<meta property=\"og:image:width\" content=\"1530\" \/>\n\t<meta property=\"og:image:height\" content=\"2040\" \/>\n\t<meta property=\"og:image:type\" content=\"image\/jpeg\" \/>\n<meta name=\"author\" content=\"byenhof\" \/>\n<meta name=\"twitter:card\" content=\"summary_large_image\" \/>\n<meta name=\"twitter:creator\" content=\"@byenhof\" \/>\n<meta name=\"twitter:site\" content=\"@byenhof\" \/>\n<meta name=\"twitter:label1\" content=\"Verfasst von\" \/>\n\t<meta name=\"twitter:data1\" content=\"byenhof\" \/>\n<script type=\"application\/ld+json\" class=\"yoast-schema-graph\">{\"@context\":\"https:\/\/schema.org\",\"@graph\":[{\"@type\":\"Article\",\"@id\":\"https:\/\/www.byenhof.nl\/nieuwe-deur-in-wachtendonck\/#article\",\"isPartOf\":{\"@id\":\"https:\/\/www.byenhof.nl\/nieuwe-deur-in-wachtendonck\/\"},\"author\":{\"name\":\"byenhof\",\"@id\":\"https:\/\/www.byenhof.nl\/#\/schema\/person\/9c4a946db1e089b51d68a5acd7580268\"},\"headline\":\"Neue T\u00fcr in Wachtendonk\",\"datePublished\":\"2026-01-27T15:21:04+00:00\",\"dateModified\":\"2026-02-27T13:39:42+00:00\",\"mainEntityOfPage\":{\"@id\":\"https:\/\/www.byenhof.nl\/nieuwe-deur-in-wachtendonck\/\"},\"wordCount\":75,\"publisher\":{\"@id\":\"https:\/\/www.byenhof.nl\/#organization\"},\"image\":{\"@id\":\"https:\/\/www.byenhof.nl\/nieuwe-deur-in-wachtendonck\/#primaryimage\"},\"thumbnailUrl\":\"https:\/\/www.byenhof.nl\/wp-content\/uploads\/2026\/01\/599065886_1163184525798195_3705612731700912782_n.jpg\",\"articleSection\":[\"Unkategorisiert\"],\"inLanguage\":\"de\"},{\"@type\":\"WebPage\",\"@id\":\"https:\/\/www.byenhof.nl\/nieuwe-deur-in-wachtendonck\/\",\"url\":\"https:\/\/www.byenhof.nl\/nieuwe-deur-in-wachtendonck\/\",\"name\":\"Neue T\u00fcr in Wachtendonk - Byenhof Bedrijfsdeuren\",\"isPartOf\":{\"@id\":\"https:\/\/www.byenhof.nl\/#website\"},\"primaryImageOfPage\":{\"@id\":\"https:\/\/www.byenhof.nl\/nieuwe-deur-in-wachtendonck\/#primaryimage\"},\"image\":{\"@id\":\"https:\/\/www.byenhof.nl\/nieuwe-deur-in-wachtendonck\/#primaryimage\"},\"thumbnailUrl\":\"https:\/\/www.byenhof.nl\/wp-content\/uploads\/2026\/01\/599065886_1163184525798195_3705612731700912782_n.jpg\",\"datePublished\":\"2026-01-27T15:21:04+00:00\",\"dateModified\":\"2026-02-27T13:39:42+00:00\",\"breadcrumb\":{\"@id\":\"https:\/\/www.byenhof.nl\/nieuwe-deur-in-wachtendonck\/#breadcrumb\"},\"inLanguage\":\"de\",\"potentialAction\":[{\"@type\":\"ReadAction\",\"target\":[\"https:\/\/www.byenhof.nl\/nieuwe-deur-in-wachtendonck\/\"]}]},{\"@type\":\"ImageObject\",\"inLanguage\":\"de\",\"@id\":\"https:\/\/www.byenhof.nl\/nieuwe-deur-in-wachtendonck\/#primaryimage\",\"url\":\"https:\/\/www.byenhof.nl\/wp-content\/uploads\/2026\/01\/599065886_1163184525798195_3705612731700912782_n.jpg\",\"contentUrl\":\"https:\/\/www.byenhof.nl\/wp-content\/uploads\/2026\/01\/599065886_1163184525798195_3705612731700912782_n.jpg\",\"width\":1530,\"height\":2040},{\"@type\":\"BreadcrumbList\",\"@id\":\"https:\/\/www.byenhof.nl\/nieuwe-deur-in-wachtendonck\/#breadcrumb\",\"itemListElement\":[{\"@type\":\"ListItem\",\"position\":1,\"name\":\"Startseite\",\"item\":\"https:\/\/www.byenhof.nl\/de\/startseite\/\"},{\"@type\":\"ListItem\",\"position\":2,\"name\":\"Neue T\u00fcr in Wachtendonk\"}]},{\"@type\":\"WebSite\",\"@id\":\"https:\/\/www.byenhof.nl\/#website\",\"url\":\"https:\/\/www.byenhof.nl\/\",\"name\":\"Byenhof Bedrijfsdeuren\",\"description\":\"\",\"publisher\":{\"@id\":\"https:\/\/www.byenhof.nl\/#organization\"},\"potentialAction\":[{\"@type\":\"SearchAction\",\"target\":{\"@type\":\"EntryPoint\",\"urlTemplate\":\"https:\/\/www.byenhof.nl\/?s={search_term_string}\"},\"query-input\":{\"@type\":\"PropertyValueSpecification\",\"valueRequired\":true,\"valueName\":\"search_term_string\"}}],\"inLanguage\":\"de\"},{\"@type\":\"Organization\",\"@id\":\"https:\/\/www.byenhof.nl\/#organization\",\"name\":\"Byenhof Bedrijfsdeuren\",\"url\":\"https:\/\/www.byenhof.nl\/\",\"logo\":{\"@type\":\"ImageObject\",\"inLanguage\":\"de\",\"@id\":\"https:\/\/www.byenhof.nl\/#\/schema\/logo\/image\/\",\"url\":\"https:\/\/www.byenhof.nl\/wp-content\/uploads\/2026\/01\/Byenhof-Bedrijfsdeuren-zwart-wit-wit_25.jpg\",\"contentUrl\":\"https:\/\/www.byenhof.nl\/wp-content\/uploads\/2026\/01\/Byenhof-Bedrijfsdeuren-zwart-wit-wit_25.jpg\",\"caption\":\"Byenhof Bedrijfsdeuren\"},\"image\":{\"@id\":\"https:\/\/www.byenhof.nl\/#\/schema\/logo\/image\/\"},\"sameAs\":[\"https:\/\/www.facebook.com\/Byenhof-AK-Techniek-BV-219453718085032\",\"https:\/\/x.com\/byenhof\",\"https:\/\/www.youtube.com\/channel\/UCsru8FAZlgDK3Iy0zXfHwiA\"]},{\"@type\":\"Person\",\"@id\":\"https:\/\/www.byenhof.nl\/#\/schema\/person\/9c4a946db1e089b51d68a5acd7580268\",\"name\":\"byenhof\",\"image\":{\"@type\":\"ImageObject\",\"inLanguage\":\"de\",\"@id\":\"https:\/\/www.byenhof.nl\/#\/schema\/person\/image\/\",\"url\":\"https:\/\/secure.gravatar.com\/avatar\/a0f7d6d4f6a72cfd56f563aaff6d3ba88a2b6ad588b140153c73b435b24bf5a1?s=96&d=mm&r=g\",\"contentUrl\":\"https:\/\/secure.gravatar.com\/avatar\/a0f7d6d4f6a72cfd56f563aaff6d3ba88a2b6ad588b140153c73b435b24bf5a1?s=96&d=mm&r=g\",\"caption\":\"byenhof\"},\"url\":\"https:\/\/www.byenhof.nl\/de\/author\/byenhof\/\"}]}<\/script>\n<!-- \/ Yoast SEO plugin. -->","yoast_head_json":{"title":"Neue T\u00fcr in Wachtendonk - Byenhof Bedrijfsdeuren","robots":{"index":"index","follow":"follow","max-snippet":"max-snippet:-1","max-image-preview":"max-image-preview:large","max-video-preview":"max-video-preview:-1"},"canonical":"https:\/\/www.byenhof.nl\/nieuwe-deur-in-wachtendonck\/","og_locale":"de_DE","og_type":"article","og_title":"Neue T\u00fcr in Wachtendonk - Byenhof Bedrijfsdeuren","og_description":"Neue T\u00fcr in Wachtendonk Vor einiger Zeit haben wir diese T\u00fcr in Wachtendonk montiert. Bei dieser T\u00fcr haben wir aufgrund der H\u00f6he der Halle ein vertikales Schienensystem montiert. Vorteil? Durch den vertikalen Verlauf der T\u00fcr bleibt mehr Raum f\u00fcr hohe Fahrzeuge und Gabelstapler erhalten. Auch sind keine schr\u00e4gen Schienen erforderlich, wodurch mehr Platz f\u00fcr Beleuchtung [&hellip;]","og_url":"https:\/\/www.byenhof.nl\/nieuwe-deur-in-wachtendonck\/","og_site_name":"Byenhof Bedrijfsdeuren","article_publisher":"https:\/\/www.facebook.com\/Byenhof-AK-Techniek-BV-219453718085032","article_published_time":"2026-01-27T15:21:04+00:00","article_modified_time":"2026-02-27T13:39:42+00:00","og_image":[{"width":1530,"height":2040,"url":"https:\/\/www.byenhof.nl\/wp-content\/uploads\/2026\/01\/599065886_1163184525798195_3705612731700912782_n.jpg","type":"image\/jpeg"}],"author":"byenhof","twitter_card":"summary_large_image","twitter_creator":"@byenhof","twitter_site":"@byenhof","twitter_misc":{"Verfasst von":"byenhof"},"schema":{"@context":"https:\/\/schema.org","@graph":[{"@type":"Article","@id":"https:\/\/www.byenhof.nl\/nieuwe-deur-in-wachtendonck\/#article","isPartOf":{"@id":"https:\/\/www.byenhof.nl\/nieuwe-deur-in-wachtendonck\/"},"author":{"name":"byenhof","@id":"https:\/\/www.byenhof.nl\/#\/schema\/person\/9c4a946db1e089b51d68a5acd7580268"},"headline":"Neue T\u00fcr in Wachtendonk","datePublished":"2026-01-27T15:21:04+00:00","dateModified":"2026-02-27T13:39:42+00:00","mainEntityOfPage":{"@id":"https:\/\/www.byenhof.nl\/nieuwe-deur-in-wachtendonck\/"},"wordCount":75,"publisher":{"@id":"https:\/\/www.byenhof.nl\/#organization"},"image":{"@id":"https:\/\/www.byenhof.nl\/nieuwe-deur-in-wachtendonck\/#primaryimage"},"thumbnailUrl":"https:\/\/www.byenhof.nl\/wp-content\/uploads\/2026\/01\/599065886_1163184525798195_3705612731700912782_n.jpg","articleSection":["Unkategorisiert"],"inLanguage":"de"},{"@type":"WebPage","@id":"https:\/\/www.byenhof.nl\/nieuwe-deur-in-wachtendonck\/","url":"https:\/\/www.byenhof.nl\/nieuwe-deur-in-wachtendonck\/","name":"Neue T\u00fcr in Wachtendonk - Byenhof Bedrijfsdeuren","isPartOf":{"@id":"https:\/\/www.byenhof.nl\/#website"},"primaryImageOfPage":{"@id":"https:\/\/www.byenhof.nl\/nieuwe-deur-in-wachtendonck\/#primaryimage"},"image":{"@id":"https:\/\/www.byenhof.nl\/nieuwe-deur-in-wachtendonck\/#primaryimage"},"thumbnailUrl":"https:\/\/www.byenhof.nl\/wp-content\/uploads\/2026\/01\/599065886_1163184525798195_3705612731700912782_n.jpg","datePublished":"2026-01-27T15:21:04+00:00","dateModified":"2026-02-27T13:39:42+00:00","breadcrumb":{"@id":"https:\/\/www.byenhof.nl\/nieuwe-deur-in-wachtendonck\/#breadcrumb"},"inLanguage":"de","potentialAction":[{"@type":"ReadAction","target":["https:\/\/www.byenhof.nl\/nieuwe-deur-in-wachtendonck\/"]}]},{"@type":"ImageObject","inLanguage":"de","@id":"https:\/\/www.byenhof.nl\/nieuwe-deur-in-wachtendonck\/#primaryimage","url":"https:\/\/www.byenhof.nl\/wp-content\/uploads\/2026\/01\/599065886_1163184525798195_3705612731700912782_n.jpg","contentUrl":"https:\/\/www.byenhof.nl\/wp-content\/uploads\/2026\/01\/599065886_1163184525798195_3705612731700912782_n.jpg","width":1530,"height":2040},{"@type":"BreadcrumbList","@id":"https:\/\/www.byenhof.nl\/nieuwe-deur-in-wachtendonck\/#breadcrumb","itemListElement":[{"@type":"ListItem","position":1,"name":"Startseite","item":"https:\/\/www.byenhof.nl\/de\/startseite\/"},{"@type":"ListItem","position":2,"name":"Neue T\u00fcr in Wachtendonk"}]},{"@type":"WebSite","@id":"https:\/\/www.byenhof.nl\/#website","url":"https:\/\/www.byenhof.nl\/","name":"Byenhof Bedrijfsdeuren","description":"","publisher":{"@id":"https:\/\/www.byenhof.nl\/#organization"},"potentialAction":[{"@type":"SearchAction","target":{"@type":"EntryPoint","urlTemplate":"https:\/\/www.byenhof.nl\/?s={search_term_string}"},"query-input":{"@type":"PropertyValueSpecification","valueRequired":true,"valueName":"search_term_string"}}],"inLanguage":"de"},{"@type":"Organization","@id":"https:\/\/www.byenhof.nl\/#organization","name":"Byenhof Bedrijfsdeuren","url":"https:\/\/www.byenhof.nl\/","logo":{"@type":"ImageObject","inLanguage":"de","@id":"https:\/\/www.byenhof.nl\/#\/schema\/logo\/image\/","url":"https:\/\/www.byenhof.nl\/wp-content\/uploads\/2026\/01\/Byenhof-Bedrijfsdeuren-zwart-wit-wit_25.jpg","contentUrl":"https:\/\/www.byenhof.nl\/wp-content\/uploads\/2026\/01\/Byenhof-Bedrijfsdeuren-zwart-wit-wit_25.jpg","caption":"Byenhof Bedrijfsdeuren"},"image":{"@id":"https:\/\/www.byenhof.nl\/#\/schema\/logo\/image\/"},"sameAs":["https:\/\/www.facebook.com\/Byenhof-AK-Techniek-BV-219453718085032","https:\/\/x.com\/byenhof","https:\/\/www.youtube.com\/channel\/UCsru8FAZlgDK3Iy0zXfHwiA"]},{"@type":"Person","@id":"https:\/\/www.byenhof.nl\/#\/schema\/person\/9c4a946db1e089b51d68a5acd7580268","name":"byenhof","image":{"@type":"ImageObject","inLanguage":"de","@id":"https:\/\/www.byenhof.nl\/#\/schema\/person\/image\/","url":"https:\/\/secure.gravatar.com\/avatar\/a0f7d6d4f6a72cfd56f563aaff6d3ba88a2b6ad588b140153c73b435b24bf5a1?s=96&d=mm&r=g","contentUrl":"https:\/\/secure.gravatar.com\/avatar\/a0f7d6d4f6a72cfd56f563aaff6d3ba88a2b6ad588b140153c73b435b24bf5a1?s=96&d=mm&r=g","caption":"byenhof"},"url":"https:\/\/www.byenhof.nl\/de\/author\/byenhof\/"}]}},"_links":{"self":[{"href":"https:\/\/www.byenhof.nl\/de\/wp-json\/wp\/v2\/posts\/3609","targetHints":{"allow":["GET"]}}],"collection":[{"href":"https:\/\/www.byenhof.nl\/de\/wp-json\/wp\/v2\/posts"}],"about":[{"href":"https:\/\/www.byenhof.nl\/de\/wp-json\/wp\/v2\/types\/post"}],"author":[{"embeddable":true,"href":"https:\/\/www.byenhof.nl\/de\/wp-json\/wp\/v2\/users\/3"}],"replies":[{"embeddable":true,"href":"https:\/\/www.byenhof.nl\/de\/wp-json\/wp\/v2\/comments?post=3609"}],"version-history":[{"count":2,"href":"https:\/\/www.byenhof.nl\/de\/wp-json\/wp\/v2\/posts\/3609\/revisions"}],"predecessor-version":[{"id":5509,"href":"https:\/\/www.byenhof.nl\/de\/wp-json\/wp\/v2\/posts\/3609\/revisions\/5509"}],"wp:featuredmedia":[{"embeddable":true,"href":"https:\/\/www.byenhof.nl\/de\/wp-json\/wp\/v2\/media\/3612"}],"wp:attachment":[{"href":"https:\/\/www.byenhof.nl\/de\/wp-json\/wp\/v2\/media?parent=3609"}],"wp:term":[{"taxonomy":"category","embeddable":true,"href":"https:\/\/www.byenhof.nl\/de\/wp-json\/wp\/v2\/categories?post=3609"},{"taxonomy":"post_tag","embeddable":true,"href":"https:\/\/www.byenhof.nl\/de\/wp-json\/wp\/v2\/tags?post=3609"}],"curies":[{"name":"wp","href":"https:\/\/api.w.org\/{rel}","templated":true}]}}